{"id":802,"date":"2024-02-25T14:44:30","date_gmt":"2024-02-25T11:44:30","guid":{"rendered":"https:\/\/www.kolayhesapla.net\/blog\/?p=802"},"modified":"2024-02-25T14:49:44","modified_gmt":"2024-02-25T11:49:44","slug":"kopeginiz-kac-yasinda-kopek-yasi-nasil-hesaplanir","status":"publish","type":"post","link":"https:\/\/www.kolayhesapla.net\/blog\/kopeginiz-kac-yasinda-kopek-yasi-nasil-hesaplanir\/","title":{"rendered":"K\u00f6pe\u011finiz Ka\u00e7 Ya\u015f\u0131nda? K\u00f6pek Ya\u015f\u0131 Nas\u0131l Hesaplan\u0131r?"},"content":{"rendered":"\n<p>Evcil hayvan sahipleri, zaman zaman k\u00f6peklerinin ya\u015f\u0131n\u0131n ka\u00e7 insan ya\u015f\u0131na denk geldi\u011fini d\u00fc\u015f\u00fcn\u00fcr. K\u00f6peklerinin ya\u015f\u0131n\u0131 bilmek isterler, \u00e7\u00fcnk\u00fc k\u00f6peklerin ya\u015f\u0131n\u0131 bir insan e\u015fde\u011feriyle kar\u015f\u0131la\u015ft\u0131rarak, ya\u015fam s\u00fcreleri, enerji seviyeleri ve beklenebilecek sa\u011fl\u0131k sorunlar\u0131 hakk\u0131nda bir fikir edinebilirler. Bu, neyin normal oldu\u011fu ve hangi semptomlar\u0131n s\u0131rad\u0131\u015f\u0131 olabilece\u011fini anlamaya yard\u0131mc\u0131 olur.<\/p>\n\n\n\n<div style=\"height:30px\" aria-hidden=\"true\" class=\"wp-block-spacer\"><\/div>\n\n\n\n<h2 class=\"wp-block-heading\">K\u00f6pek Ya\u015f\u0131 Belirlenirken Dikkate Al\u0131nmas\u0131 Gerekenler<\/h2>\n\n\n\n<p>K\u00f6pe\u011finizin ya\u015f\u0131n\u0131 insan ya\u015f\u0131 cinsinden hesaplamak d\u00fc\u015f\u00fcnd\u00fc\u011f\u00fcn\u00fczden daha basittir. K\u00f6pe\u011finizin ya\u015f\u0131n\u0131 hesaplarken a\u015fa\u011f\u0131daki parametreleri g\u00f6z \u00f6n\u00fcnde bulundurman\u0131z gerekir:<\/p>\n\n\n\n<ol class=\"wp-block-list\">\n<li><strong>K\u00f6pe\u011finizin Cinsini Bilin<\/strong><br>Farkl\u0131 k\u00f6pek cinslerinin farkl\u0131 oranlarda ya\u015fland\u0131\u011f\u0131n\u0131 unutmay\u0131n. K\u00fc\u00e7\u00fck \u0131rklar b\u00fcy\u00fck \u0131rklara g\u00f6re daha uzun ya\u015fama e\u011filimindedir.<\/li>\n\n\n\n<li><strong>K\u00f6pe\u011finizin Boyutunu G\u00f6z \u00d6n\u00fcnde Bulundurun<\/strong><br>K\u00f6pe\u011finizin boyutu ya\u015flanmada \u00f6nemli bir rol oynar. Daha k\u00fc\u00e7\u00fck k\u00f6pekler genellikle daha b\u00fcy\u00fck olanlara g\u00f6re daha uzun ya\u015far.<\/li>\n\n\n\n<li><strong>Ya\u015fam Evrelerini De\u011ferlendirin<\/strong><br>K\u00f6pekler de t\u0131pk\u0131 insanlar gibi farkl\u0131 ya\u015fam evrelerinden ge\u00e7erler. Bu a\u015famalar aras\u0131nda yavruluk d\u00f6nemi, ergenlik, yeti\u015fkinlik ve ya\u015fl\u0131l\u0131k yer al\u0131r. Her a\u015fama, insan y\u0131llar\u0131nda farkl\u0131 bir ya\u015fa kar\u015f\u0131l\u0131k gelir.<\/li>\n\n\n\n<li><strong>Bir D\u00f6n\u00fc\u015f\u00fcm Tablosu Kullan\u0131n<\/strong><br>Kabaca bir tahmin elde etmek i\u00e7in k\u00f6pek y\u0131llar\u0131n\u0131 insan y\u0131llar\u0131yla ili\u015fkilendiren bir d\u00f6n\u00fc\u015f\u00fcm tablosu kullan\u0131n. Ancak, bu y\u00f6ntemin olduk\u00e7a genel oldu\u011funu ve k\u00f6pe\u011finiz i\u00e7in kesin bir do\u011fruluk sa\u011flamayaca\u011f\u0131n\u0131 unutmay\u0131n.<\/li>\n<\/ol>\n\n\n\n<div style=\"height:30px\" aria-hidden=\"true\" class=\"wp-block-spacer\"><\/div>\n\n\n\n<h2 class=\"wp-block-heading\">Bir K\u00f6pek \u0130nsan Ya\u015f\u0131na G\u00f6re Ka\u00e7 Ya\u015f\u0131ndad\u0131r?<\/h2>\n\n\n\n<p>Yayg\u0131n bir inan\u0131\u015fa g\u00f6re, k\u00f6pekler insanlardan yedi kat daha h\u0131zl\u0131 ya\u015flan\u0131r. Yani k\u00f6pek ya\u015f\u0131 olarak bir y\u0131l, insan ya\u015f\u0131 olarak yedi y\u0131la e\u015fittir. E\u011fer bir k\u00f6pek sahibiyseniz, mutlaka on y\u0131llard\u0131r s\u00fcregelen bu iyi bilinen hesaplamay\u0131 duymu\u015fsunuzdur. Asl\u0131nda kimse geleneksel yedi y\u0131l kural\u0131n\u0131n nereden geldi\u011fini bilmez. Baz\u0131lar\u0131 bunun insanlar\u0131n yakla\u015f\u0131k 70, k\u00f6peklerin ise yakla\u015f\u0131k 10 y\u0131l ya\u015fad\u0131\u011f\u0131 varsay\u0131m\u0131na dayand\u0131\u011f\u0131na inan\u0131r.<\/p>\n\n\n\n<p>Yak\u0131n zamanda yap\u0131lan bir ara\u015ft\u0131rma bunun do\u011fru olmad\u0131\u011f\u0131n\u0131 \u00f6ne s\u00fcrmektedir ve k\u00f6pek ya\u015f\u0131n\u0131 hesaplamak i\u00e7in daha do\u011fru bir yol bulduklar\u0131n\u0131 iddia etmektedirler. Ara\u015ft\u0131rma, ya\u015flar\u0131 0,1 ila 16 aras\u0131nda de\u011fi\u015fen 104 Labrador Retriever ve ya\u015flar\u0131 1 ila 103 aras\u0131nda de\u011fi\u015fen 320 birey \u00fczerinde y\u00fcr\u00fct\u00fclm\u00fc\u015ft\u00fcr.<\/p>\n\n\n\n<p>Ara\u015ft\u0131rmaya g\u00f6re, 1 ya\u015f\u0131ndaki bir Labradorun 31 ya\u015f\u0131ndaki bir insana e\u015fde\u011fer oldu\u011fu, daha sonra ya\u015flanma h\u0131z\u0131n\u0131n h\u0131zla azald\u0131\u011f\u0131 ve ilerleyen y\u0131llarda \u00e7ok daha yava\u015f hale geldi\u011fini ortaya \u00e7\u0131karm\u0131\u015ft\u0131r. 10 ya\u015f\u0131na geldi\u011finde, Lab&#8217;\u0131n DNA profili 68 ya\u015f\u0131ndaki bir insana benzemeye ba\u015flam\u0131\u015ft\u0131r. Sonu\u00e7 olarak Lab&#8217;\u0131n ortalama \u00f6mr\u00fc 12 y\u0131l olarak belirlenmi\u015ftir ve bu da insan\u0131n ortalama \u00f6mr\u00fc olan 70 y\u0131l ile ayn\u0131 \u00e7izgidedir.<\/p>\n\n\n\n<figure class=\"wp-block-table is-style-stripes\"><table><tbody><tr><td><strong>K\u00f6pek Boyutu<\/strong><br>(Irk i\u00e7in ort. a\u011f\u0131rl\u0131k)<\/td><td class=\"has-text-align-center\" data-align=\"center\"><strong>K\u00fc\u00e7\u00fck<\/strong><br>(&lt;9,5kg)<\/td><td class=\"has-text-align-center\" data-align=\"center\"><strong>Orta<\/strong><br>(9,5kg &#8211; 22kg)<\/td><td class=\"has-text-align-center\" data-align=\"center\"><strong>B\u00fcy\u00fck<\/strong><br>(23kg +)<\/td><\/tr><tr><td>1<\/td><td class=\"has-text-align-center\" data-align=\"center\">15<\/td><td class=\"has-text-align-center\" data-align=\"center\">15<\/td><td class=\"has-text-align-center\" data-align=\"center\">15<\/td><\/tr><tr><td>2<\/td><td class=\"has-text-align-center\" data-align=\"center\">24<\/td><td class=\"has-text-align-center\" data-align=\"center\">24<\/td><td class=\"has-text-align-center\" data-align=\"center\">24<\/td><\/tr><tr><td>3<\/td><td class=\"has-text-align-center\" data-align=\"center\">28<\/td><td class=\"has-text-align-center\" data-align=\"center\">28<\/td><td class=\"has-text-align-center\" data-align=\"center\">28<\/td><\/tr><tr><td>4<\/td><td class=\"has-text-align-center\" data-align=\"center\">32<\/td><td class=\"has-text-align-center\" data-align=\"center\">32<\/td><td class=\"has-text-align-center\" data-align=\"center\">32<\/td><\/tr><tr><td>5<\/td><td class=\"has-text-align-center\" data-align=\"center\">36<\/td><td class=\"has-text-align-center\" data-align=\"center\">36<\/td><td class=\"has-text-align-center\" data-align=\"center\">36<\/td><\/tr><tr><td>6<\/td><td class=\"has-text-align-center\" data-align=\"center\">40<\/td><td class=\"has-text-align-center\" data-align=\"center\">42<\/td><td class=\"has-text-align-center\" data-align=\"center\">45<\/td><\/tr><tr><td>7<\/td><td class=\"has-text-align-center\" data-align=\"center\">44<\/td><td class=\"has-text-align-center\" data-align=\"center\">47<\/td><td class=\"has-text-align-center\" data-align=\"center\">50<\/td><\/tr><tr><td>8<\/td><td class=\"has-text-align-center\" data-align=\"center\">48<\/td><td class=\"has-text-align-center\" data-align=\"center\">51<\/td><td class=\"has-text-align-center\" data-align=\"center\">55<\/td><\/tr><tr><td>9<\/td><td class=\"has-text-align-center\" data-align=\"center\">52<\/td><td class=\"has-text-align-center\" data-align=\"center\">56<\/td><td class=\"has-text-align-center\" data-align=\"center\">61<\/td><\/tr><tr><td>10<\/td><td class=\"has-text-align-center\" data-align=\"center\">56<\/td><td class=\"has-text-align-center\" data-align=\"center\">60<\/td><td class=\"has-text-align-center\" data-align=\"center\">66<\/td><\/tr><tr><td>11<\/td><td class=\"has-text-align-center\" data-align=\"center\">60<\/td><td class=\"has-text-align-center\" data-align=\"center\">65<\/td><td class=\"has-text-align-center\" data-align=\"center\">72<\/td><\/tr><tr><td>12<\/td><td class=\"has-text-align-center\" data-align=\"center\">64<\/td><td class=\"has-text-align-center\" data-align=\"center\">69<\/td><td class=\"has-text-align-center\" data-align=\"center\">77<\/td><\/tr><tr><td>13<\/td><td class=\"has-text-align-center\" data-align=\"center\">68<\/td><td class=\"has-text-align-center\" data-align=\"center\">74<\/td><td class=\"has-text-align-center\" data-align=\"center\">82<\/td><\/tr><tr><td>14<\/td><td class=\"has-text-align-center\" data-align=\"center\">72<\/td><td class=\"has-text-align-center\" data-align=\"center\">78<\/td><td class=\"has-text-align-center\" data-align=\"center\">88<\/td><\/tr><tr><td>15<\/td><td class=\"has-text-align-center\" data-align=\"center\">76<\/td><td class=\"has-text-align-center\" data-align=\"center\">83<\/td><td class=\"has-text-align-center\" data-align=\"center\">93<\/td><\/tr><tr><td>16<\/td><td class=\"has-text-align-center\" data-align=\"center\">80<\/td><td class=\"has-text-align-center\" data-align=\"center\">87<\/td><td class=\"has-text-align-center\" data-align=\"center\">120<\/td><\/tr><\/tbody><\/table><figcaption class=\"wp-element-caption\">\u0130nsan ya\u015f\u0131na g\u00f6re k\u00f6pek ya\u015flar\u0131<\/figcaption><\/figure>\n\n\n\n<p>Yukar\u0131daki tablo k\u00f6pe\u011finizin insan ya\u015f\u0131na g\u00f6re ka\u00e7 ya\u015f\u0131nda oldu\u011funu daha do\u011fru bir \u015fekilde g\u00f6sterse de, daha az do\u011fru ama daha basit bir y\u00f6ntemi de tercih edebilirsiniz. Bu noktada takip etmeniz gereken genel kural, k\u00f6pe\u011finizin birinci y\u0131lda 15 insan y\u0131l\u0131, ikinci y\u0131lda 9 y\u0131l ve sonras\u0131nda 5 y\u0131l ya\u015fland\u0131\u011f\u0131d\u0131r.<\/p>\n\n\n\n<div style=\"height:30px\" aria-hidden=\"true\" class=\"wp-block-spacer\"><\/div>\n\n\n\n<h2 class=\"wp-block-heading\">Bir K\u00f6pe\u011fin Ka\u00e7 Ya\u015f\u0131nda Oldu\u011funu Nas\u0131l Hesaplars\u0131n\u0131z?<\/h2>\n\n\n\n<p>Ara\u015ft\u0131rmac\u0131lar yukar\u0131daki tabloda yer alan rakamlar\u0131, \u00e7o\u011fu fiziksel olan bir\u00e7ok fakt\u00f6re dayand\u0131rmaktad\u0131r.<\/p>\n\n\n\n<p>\u00d6rne\u011fin, 1 ya\u015f\u0131ndaki bir k\u00f6pe\u011fin yakla\u015f\u0131k olarak 15 ya\u015f\u0131ndaki bir gence e\u015fde\u011fer oldu\u011funu tahmin edilir, \u00e7\u00fcnk\u00fc t\u00fcm di\u015fleri geli\u015fmi\u015ftir, g\u00fc\u00e7l\u00fc ve enerjiktir ve cinsel olgunlu\u011fa ula\u015fm\u0131\u015ft\u0131r (ya da yakla\u015fmaktad\u0131r).<\/p>\n\n\n\n<p>Bu arada, k\u00f6pekler ya\u015fland\u0131k\u00e7a di\u015fleri a\u015f\u0131nmaya ve y\u0131pranmaya ba\u015flar ve artrit, bulan\u0131k g\u00f6zler, gev\u015fek cilt ve gri sa\u00e7 gibi ya\u015fl\u0131 insanlarla ili\u015fkilendirme e\u011filiminde olunan hastal\u0131klara ve rahats\u0131zl\u0131klara yenik d\u00fc\u015fme olas\u0131l\u0131klar\u0131 daha y\u00fcksektir.<\/p>\n\n\n\n<figure class=\"wp-block-table is-style-stripes\"><table><tbody><tr><td><strong>K\u00f6pek Ya\u015f\u0131<\/strong><\/td><td class=\"has-text-align-center\" data-align=\"center\"><strong>\u0130nsan E\u015fde\u011feri<\/strong><\/td><td class=\"has-text-align-center\" data-align=\"center\"><strong>G\u00f6stergeler<\/strong><\/td><\/tr><tr><td>8 hafta<\/td><td class=\"has-text-align-center\" data-align=\"center\">3-4 y\u0131l<\/td><td class=\"has-text-align-center\" data-align=\"center\">S\u00fct di\u015flerinin b\u00fcy\u00fcmesi tamamland\u0131<\/td><\/tr><tr><td>7 ay<\/td><td class=\"has-text-align-center\" data-align=\"center\">8-10 y\u0131l<\/td><td class=\"has-text-align-center\" data-align=\"center\">T\u00fcm kal\u0131c\u0131 di\u015fler \u00e7\u0131km\u0131\u015ft\u0131r<\/td><\/tr><tr><td>1-2 y\u0131l<\/td><td class=\"has-text-align-center\" data-align=\"center\">15-24 ya\u015f aras\u0131<\/td><td class=\"has-text-align-center\" data-align=\"center\">Di\u015flerin sararmaya ve matla\u015fmaya ba\u015flamas\u0131<\/td><\/tr><tr><td>3-5 y\u0131l<\/td><td class=\"has-text-align-center\" data-align=\"center\">25-36 y\u0131l<\/td><td class=\"has-text-align-center\" data-align=\"center\">Di\u015f a\u015f\u0131nmas\u0131 ve plak birikimi yayg\u0131nd\u0131r<\/td><\/tr><tr><td>5-10 y\u0131l<\/td><td class=\"has-text-align-center\" data-align=\"center\">36-66 y\u0131l<\/td><td class=\"has-text-align-center\" data-align=\"center\">Di\u015fler ve di\u015f etleri baz\u0131 hastal\u0131k belirtileri g\u00f6sterir<\/td><\/tr><tr><td>10-15 y\u0131l<\/td><td class=\"has-text-align-center\" data-align=\"center\">56-93 ya\u015f<\/td><td class=\"has-text-align-center\" data-align=\"center\">Di\u015fler iyice a\u015f\u0131nm\u0131\u015ft\u0131r, \u00e7ok fazla plak vard\u0131r ve baz\u0131lar\u0131 eksik olabilir<\/td><\/tr><\/tbody><\/table><figcaption class=\"wp-element-caption\">K\u00f6pek ya\u015f\u0131n\u0131n insan ya\u015f\u0131na e\u015fde\u011feri<\/figcaption><\/figure>\n\n\n\n<p>Ne yaz\u0131k ki, ara\u015ft\u0131rmac\u0131lar hala b\u00fcy\u00fck k\u00f6pek \u0131rklar\u0131n\u0131n neden k\u00fc\u00e7\u00fck \u0131rklara g\u00f6re daha h\u0131zl\u0131 ya\u015flanma e\u011filiminde oldu\u011funu bilmemektedir. Bu durum di\u011fer t\u00fcrler aras\u0131nda olduk\u00e7a nadirdir; b\u00fcy\u00fck hayvanlar nispeten uzun ya\u015famaya meyilliyken (balinalar, filler), k\u00fc\u00e7\u00fck hayvanlar daha k\u0131sa \u00f6m\u00fcrl\u00fcd\u00fcr (kemirgenler, k\u00fc\u00e7\u00fck ku\u015flar).<\/p>\n\n\n\n<p>Sebep ne olursa olsun, ya\u015fl\u0131 k\u00f6pekler son y\u0131llar\u0131nda \u00e7ok daha h\u0131zl\u0131 ya\u015flanma e\u011filimindeyken, k\u00fc\u00e7\u00fck k\u00f6peklerin daha istikrarl\u0131 bir \u015fekilde ya\u015flanma e\u011filimindedir.<\/p>\n\n\n\n<div class=\"wp-block-buttons is-content-justification-center is-layout-flex wp-container-core-buttons-is-layout-16018d1d wp-block-buttons-is-layout-flex\">\n<div class=\"wp-block-button\"><a class=\"wp-block-button__link wp-element-button\" href=\"https:\/\/www.kolayhesapla.net\/zaman\/kopek-yasi-hesaplama\/\" target=\"_blank\" rel=\"noreferrer noopener\"><strong>K\u00f6pek Ya\u015f\u0131 Hesaplama Arac\u0131<\/strong><\/a><\/div>\n<\/div>\n\n\n\n<div style=\"height:30px\" aria-hidden=\"true\" class=\"wp-block-spacer\"><\/div>\n\n\n\n<h2 class=\"wp-block-heading\">K\u00f6pe\u011finizin Ya\u015f\u0131n\u0131 \u0130nsan Y\u0131l\u0131yla Bilmenin Avantajlar\u0131<\/h2>\n\n\n\n<p>K\u00f6pe\u011finizin ya\u015f\u0131n\u0131 insan ya\u015f\u0131na e\u015fde\u011fer olarak bilmek e\u011flenceli bir bilgiden daha fazlas\u0131d\u0131r. Evcil hayvan\u0131n\u0131z\u0131n ya\u015fam kalitesini \u00f6nemli \u00f6l\u00e7\u00fcde etkileyebilecek zengin bilgiler sa\u011flar. Baz\u0131 \u00f6nemli avantajlar ise a\u015fa\u011f\u0131daki \u015fekildedir:<\/p>\n\n\n\n<ol class=\"wp-block-list\">\n<li><strong>Sa\u011fl\u0131k Kararlar\u0131<\/strong><br>Yavru k\u00f6peklerin ergen k\u00f6peklerden, yeti\u015fkin k\u00f6peklerin de ya\u015fl\u0131lardan farkl\u0131 bak\u0131m ihtiya\u00e7lar\u0131 vard\u0131r. D\u00fczenli kontroller, a\u015f\u0131lar ve belirli ya\u015fam evrelerinde daha yayg\u0131n olan hastal\u0131klar i\u00e7in \u00f6nleyici tedaviler do\u011fru bir \u015fekilde planlanabilir.<\/li>\n\n\n\n<li><strong>Beslenme \u0130lgili Hususlar<\/strong><br>Bir k\u00f6pe\u011fin beslenme ihtiya\u00e7lar\u0131 ya\u015fla birlikte de\u011fi\u015fir. Yavru k\u00f6pekler h\u0131zl\u0131 b\u00fcy\u00fcmeleri i\u00e7in y\u00fcksek proteinli bir beslenmeye ihtiya\u00e7 duyarken, ya\u015fl\u0131 k\u00f6pekler daha az kaloriye ancak daha fazla lif ve belirli besin maddelerine ihtiya\u00e7 duyabilir.<\/li>\n\n\n\n<li><strong>Egzersiz ve E\u011fitim<\/strong><br>Farkl\u0131 ya\u015flar, farkl\u0131 enerji seviyeleri ve \u00f6\u011frenme yetenekleri ile birlikte gelir. K\u00f6pek ya\u015f\u0131n\u0131z\u0131 insan ya\u015f\u0131na \u00e7evirmek, e\u011fitim i\u00e7in ger\u00e7ek\u00e7i beklentiler belirlemenize ve uygun egzersiz seviyelerine rehberlik etmenize yard\u0131mc\u0131 olabilir.<\/li>\n\n\n\n<li><strong>Davran\u0131\u015fsal Beklentiler<\/strong><br>\u0130nsanlar\u0131n davran\u0131\u015flar\u0131 ya\u015fla birlikte de\u011fi\u015fti\u011fi gibi k\u00f6peklerin davran\u0131\u015flar\u0131 da de\u011fi\u015fir. \u0130nsanlarda oldu\u011fu gibi k\u00f6peklerde de ergenlik d\u00f6nemi genellikle s\u0131n\u0131rlar\u0131n test edildi\u011fi ve ba\u011f\u0131ms\u0131zl\u0131\u011f\u0131n yeni ke\u015ffedildi\u011fi bir d\u00f6nemdir. \u00d6te yandan, ya\u015fl\u0131 k\u00f6pekler daha fazla dinlenmelidir.<\/li>\n\n\n\n<li><strong>Koruyucu Sa\u011fl\u0131k \u00d6nlemleri<\/strong><br>K\u00f6pe\u011finizin insan ya\u015flar\u0131nda oldu\u011funun fark\u0131nda olman\u0131z, ya\u015fa ba\u011fl\u0131 sa\u011fl\u0131k sorunlar\u0131n\u0131 \u00f6ng\u00f6rmenize ve \u00f6nlemenize yard\u0131mc\u0131 olabilir. \u00d6rne\u011fin, ya\u015fl\u0131 k\u00f6pekler artrit veya diyabet gibi yayg\u0131n durumlar i\u00e7in d\u00fczenli taramalardan faydalanabilir.<br><br>K\u00f6pe\u011finizin insan ya\u015f\u0131na g\u00f6re ya\u015f\u0131n\u0131 daha iyi anlayarak, ihtiya\u00e7lar\u0131na daha iyi uyum sa\u011flayabilir ve k\u00f6peklerinizin daha sa\u011fl\u0131kl\u0131 ve mutlu bir ya\u015fam s\u00fcrmesine yard\u0131mc\u0131 olabilirsiniz.<\/li>\n<\/ol>\n\n\n\n<div style=\"height:30px\" aria-hidden=\"true\" class=\"wp-block-spacer\"><\/div>\n\n\n\n<h2 class=\"wp-block-heading\">Bir K\u00f6pek Ka\u00e7 Ya\u015f\u0131nda Ya\u015fl\u0131 Say\u0131l\u0131r?<\/h2>\n\n\n\n<p>K\u00f6pekler boyutlar\u0131na ba\u011fl\u0131 olarak farkl\u0131 ya\u015flan\u0131r, daha b\u00fcy\u00fck \u0131rklar daha k\u00fc\u00e7\u00fck \u0131rklara g\u00f6re daha h\u0131zl\u0131 ya\u015flan\u0131r. \u00d6rne\u011fin, kani\u015f gibi k\u00fc\u00e7\u00fck \u0131rklar yakla\u015f\u0131k 10-12 ya\u015flar\u0131nda, border collie gibi orta \u0131rklar ise yakla\u015f\u0131k 8-9 ya\u015flar\u0131nda ya\u015fl\u0131 olarak kabul edilir. Ayn\u0131 zamanda, B\u00fcy\u00fck Danua gibi b\u00fcy\u00fck\/dev \u0131rklar 6-7 ya\u015f civar\u0131nda ya\u015flanm\u0131\u015f bir k\u00f6pek olarak kabul edilir. Melez \u0131rklar i\u00e7in de ya\u015fl\u0131l\u0131k ya\u015f\u0131 bir k\u00f6pekten di\u011ferine de\u011fi\u015fmekle birlikte ortalama 9 y\u0131l 4 ay civar\u0131ndad\u0131r.<\/p>\n\n\n\n<p>Peki k\u00f6pe\u011finizin ya\u015fland\u0131\u011f\u0131n\u0131 nas\u0131l anlars\u0131n\u0131z? K\u00f6pe\u011finizin ya\u015fland\u0131\u011f\u0131n\u0131n g\u00f6stergesi olabilecek birka\u00e7 i\u015faret vard\u0131r. Bunlar a\u015fa\u011f\u0131daki \u015fekildedir:<\/p>\n\n\n\n<ul class=\"wp-block-list\">\n<li>Kas kayb\u0131<\/li>\n\n\n\n<li>K\u00f6pe\u011finizin kilosu<\/li>\n\n\n\n<li>Demansa ba\u011fl\u0131 davran\u0131\u015f de\u011fi\u015fiklikleri<\/li>\n\n\n\n<li>Di\u015f eti hastal\u0131klar\u0131<\/li>\n<\/ul>\n\n\n\n<p>Bu belirtilerden herhangi birini g\u00f6zlemlerseniz, veterinerinize dan\u0131\u015fman\u0131z ve uygun \u00f6nlemleri alman\u0131z tavsiye edilir.<\/p>\n\n\n\n<div style=\"height:30px\" aria-hidden=\"true\" class=\"wp-block-spacer\"><\/div>\n\n\n\n<h2 class=\"wp-block-heading\">Bir K\u00f6pe\u011fin B\u00fcy\u00fcmesi Ka\u00e7 Ya\u015f\u0131nda Durur?<\/h2>\n\n\n\n<p>K\u00f6peklerin b\u00fcy\u00fcme h\u0131z\u0131 ve b\u00fcy\u00fcmelerinin ne zaman duraca\u011f\u0131 cins, ya\u015f ve sa\u011fl\u0131k gibi fakt\u00f6rlere ba\u011fl\u0131 olarak de\u011fi\u015febilir. Genel olarak, k\u00f6pekler b\u00fcy\u00fcmelerini 24 hafta ila 24 ay aras\u0131nda tamamlar.<\/p>\n\n\n\n<p>K\u00fc\u00e7\u00fck \u0131rklar 6 ila 8 ay gibi erken bir d\u00f6nemde b\u00fcy\u00fcmeyi durdurma e\u011filimindeyken, orta boy k\u00f6pekler temel olarak 12 ay civar\u0131nda durur. B\u00fcy\u00fck \u0131rklar 12 ila 24 aya ula\u015fana kadar b\u00fcy\u00fcmeye devam edebilir.<\/p>\n\n\n\n<p>Erkek k\u00f6pekler genellikle di\u015filerden daha b\u00fcy\u00fck ve uzun olma e\u011filimindedir ve biraz daha uzun bir b\u00fcy\u00fcme d\u00f6nemine sahiptir. Fakat cins b\u00fcy\u00fckl\u00fc\u011f\u00fcn\u00fcn b\u00fcy\u00fcme i\u00e7in tek belirleyici fakt\u00f6r olmad\u0131\u011f\u0131n\u0131 unutmaman\u0131z \u00f6nemlidir.<\/p>\n\n\n\n<p>Ebeveynlerin boyutu da dahil olmak \u00fczere genetik fakt\u00f6rlerin yan\u0131 s\u0131ra beslenme, ya\u015fam tarz\u0131 ve k\u0131s\u0131rla\u015ft\u0131rma ya\u015f\u0131 gibi d\u0131\u015f fakt\u00f6rler de bir k\u00f6pe\u011fin b\u00fcy\u00fcme h\u0131z\u0131n\u0131 etkileyebilir. K\u00f6pe\u011finizin b\u00fcy\u00fcmesini izlerken bu fakt\u00f6rleri g\u00f6z \u00f6n\u00fcnde bulundurman\u0131z \u00e7ok \u00f6nemlidir.<\/p>\n\n\n\n<div style=\"height:30px\" aria-hidden=\"true\" class=\"wp-block-spacer\"><\/div>\n\n\n\n<h2 class=\"wp-block-heading\">K\u00f6pe\u011fimin Daha Uzun Ya\u015famas\u0131na Nas\u0131l Yard\u0131mc\u0131 Olabilirim?<\/h2>\n\n\n\n<p>Veterinerlerin <a href=\"https:\/\/lusidoog.com\/\" target=\"_blank\" data-type=\"link\" data-id=\"https:\/\/lusidoog.com\/\" rel=\"noreferrer noopener\">k\u00f6pekler<\/a> \u00fczerindeki uygulamalar\u0131 son y\u0131llarda \u00f6nemli \u00f6l\u00e7\u00fcde geli\u015fmi\u015ftir. Geli\u015fmeler sayesinde, giderek daha fazla k\u00f6pek daha uzun ya\u015famaktad\u0131r.<\/p>\n\n\n\n<p>Bu t\u0131bbi geli\u015fmelerle birlikte, siz de basit de\u011fi\u015fiklikler yaparak k\u00f6pe\u011finizin ya\u015fam s\u00fcresini uzatabilirsiniz.<\/p>\n\n\n\n<ul class=\"wp-block-list\">\n<li>Evcil hayvan\u0131n\u0131za g\u00f6re uyarlanm\u0131\u015f dengeli bir beslenme (diyabet, obezite vb. durumlardan ka\u00e7\u0131narak)<\/li>\n\n\n\n<li>G\u00fcnl\u00fck fiziksel aktivite (y\u00fcr\u00fcy\u00fc\u015f)<\/li>\n\n\n\n<li>D\u00fczenli ve uygun bak\u0131m (a\u015f\u0131lar, k\u0131s\u0131rla\u015ft\u0131rma, vb.)<\/li>\n<\/ul>\n\n\n\n<p>\u00d6zetle diyebiliriz ki, k\u00f6pe\u011finizin insan ya\u015f\u0131 cinsinden ya\u015f\u0131n\u0131 anlamak, sa\u011fl\u0131\u011f\u0131, ihtiya\u00e7lar\u0131 ve ya\u015fam evresi hakk\u0131nda fikir verir. Cins, boyut ve genetik \u00f6zellikler gibi fakt\u00f6rleri g\u00f6z \u00f6n\u00fcnde bulundurarak, k\u00f6pe\u011finizin ya\u015fam s\u00fcrelerini daha iyi de\u011ferlendirebilir ve onlara hayatlar\u0131n\u0131n her a\u015famas\u0131nda hak ettikleri bak\u0131m\u0131 sa\u011flayabilirsiniz.<\/p>\n\n\n\n<div style=\"height:30px\" aria-hidden=\"true\" class=\"wp-block-spacer\"><\/div>\n\n\n\n<h2 class=\"wp-block-heading\">En \u00c7ok Sorulan Sorular<\/h2>\n\n\n<div id=\"rank-math-faq\" class=\"rank-math-block\">\n<div class=\"rank-math-list \">\n<div id=\"faq-question-1708859878716\" class=\"rank-math-list-item\">\n<h3 class=\"rank-math-question \">&#8211; K\u00f6pek ya\u015f\u0131 hesaplarken t\u00fcm k\u00f6pek \u0131rklar\u0131 i\u00e7in ayn\u0131 form\u00fcl\u00fc kullanabilir miyim?<\/h3>\n<div class=\"rank-math-answer \">\n\n<p>Hay\u0131r, k\u00f6pe\u011finizin boyutuna g\u00f6re uygun form\u00fcl\u00fc kullanmak \u00e7ok \u00f6nemlidir. K\u00fc\u00e7\u00fck, orta ve b\u00fcy\u00fck \u0131rklar farkl\u0131 oranlarda ya\u015flan\u0131r.<\/p>\n\n<\/div>\n<\/div>\n<div id=\"faq-question-1708859910062\" class=\"rank-math-list-item\">\n<h3 class=\"rank-math-question \">&#8211; K\u00f6pe\u011fimin ya\u015f\u0131n\u0131 ne s\u0131kl\u0131kla yeniden hesaplamal\u0131y\u0131m?<\/h3>\n<div class=\"rank-math-answer \">\n\n<p>\u00d6zellikle k\u00f6pe\u011finiz bir ya\u015fam evresinden di\u011ferine ge\u00e7erken y\u0131ll\u0131k olarak yeniden hesaplanmas\u0131 \u00f6nerilir.<\/p>\n\n<\/div>\n<\/div>\n<div id=\"faq-question-1708860886969\" class=\"rank-math-list-item\">\n<h3 class=\"rank-math-question \">&#8211; <strong>K\u00f6pek boyutuna dayal\u0131 form\u00fcllerin istisnalar\u0131 var m\u0131?<\/strong><\/h3>\n<div class=\"rank-math-answer \">\n\n<p>Form\u00fcller genel bir k\u0131lavuz sa\u011flarken, genetik ve genel sa\u011fl\u0131k gibi bireysel fakt\u00f6rler ya\u015flanmay\u0131 etkileyebilir.<\/p>\n\n<\/div>\n<\/div>\n<div id=\"faq-question-1708860899439\" class=\"rank-math-list-item\">\n<h3 class=\"rank-math-question \">&#8211; <strong>Bir k\u00f6pe\u011fin ya\u015fam s\u00fcresini hangi fakt\u00f6rler etkileyebilir?<\/strong><\/h3>\n<div class=\"rank-math-answer \">\n\n<p>Genetik, beslenme, egzersiz ve veteriner bak\u0131m\u0131 bir rol oynar. Sa\u011fl\u0131kl\u0131 bir ya\u015fam tarz\u0131 sa\u011flamak, k\u00f6pe\u011finizin daha uzun ve daha mutlu bir ya\u015fam s\u00fcrmesine katk\u0131da bulunabilir.<\/p>\n\n<\/div>\n<\/div>\n<div id=\"faq-question-1708860948424\" class=\"rank-math-list-item\">\n<h3 class=\"rank-math-question \">&#8211; <strong>Ya\u015f\u0131 bilinmeyen sahiplenilmi\u015f k\u00f6pekler i\u00e7in k\u00f6pek ya\u015f\u0131 hesaplay\u0131c\u0131s\u0131n\u0131 kullanabilir miyim?<\/strong><\/h3>\n<div class=\"rank-math-answer \">\n\n<p>Evet, hesaplay\u0131c\u0131 k\u00f6pe\u011fin ya\u015f\u0131 hakk\u0131ndaki en iyi tahmininize dayanarak kabaca bir tahmin sa\u011flar.<\/p>\n\n<\/div>\n<\/div>\n<div id=\"faq-question-1708860960809\" class=\"rank-math-list-item\">\n<h3 class=\"rank-math-question \">&#8211; <strong>K\u00f6pekler ne kadar ya\u015far?<\/strong><\/h3>\n<div class=\"rank-math-answer \">\n\n<p>Ortalama bir k\u00f6pek yakla\u015f\u0131k 12 ila 15 y\u0131ll\u0131k bir ya\u015fam beklentisine sahiptir.<\/p>\n\n<\/div>\n<\/div>\n<div id=\"faq-question-1708860993658\" class=\"rank-math-list-item\">\n<h3 class=\"rank-math-question \">&#8211; <strong>K\u00f6pek \u0131rklar\u0131 ya\u015flanmay\u0131 neden etkiler?<\/strong><\/h3>\n<div class=\"rank-math-answer \">\n\n<p>Farkl\u0131 \u0131rklar\u0131n farkl\u0131 ya\u015fam s\u00fcreleri ve sa\u011fl\u0131k ko\u015fullar\u0131na yatk\u0131nl\u0131klar\u0131 vard\u0131r, bunlar\u0131n hepsi ne kadar h\u0131zl\u0131 ya\u015fland\u0131klar\u0131n\u0131 etkiler.<\/p>\n\n<\/div>\n<\/div>\n<div id=\"faq-question-1708861010259\" class=\"rank-math-list-item\">\n<h3 class=\"rank-math-question \">&#8211; <strong>Melek k\u00f6peklerin ya\u015flar\u0131n\u0131 nas\u0131l tahmin edebilirim?<\/strong><\/h3>\n<div class=\"rank-math-answer \">\n\n<p>Melez bir k\u00f6pe\u011fin ya\u015fam s\u00fcresini belirlemek, her bir ebeveyn cinsin ortalama ya\u015fam s\u00fcresini ve boyutunu dikkate almay\u0131 gerektirdi\u011finden zor olabilir. Bunun nedeni, bir k\u00f6pe\u011fin \u00f6mr\u00fcn\u00fcn \u00e7e\u015fitli \u0131rklar\u0131n \u00f6zelliklerinin yan\u0131 s\u0131ra genel sa\u011fl\u0131k, beslenme ve bak\u0131m gibi di\u011fer fakt\u00f6rlerden etkilenmesidir.<\/p>\n<p>K\u00f6pe\u011finizin ana cinsinden emin de\u011filseniz, en iyisi boyutuna g\u00f6re hareket etmek veya genel bir tahmin i\u00e7in hesap makinenizi kullanmakt\u0131r.<\/p>\n\n<\/div>\n<\/div>\n<\/div>\n<\/div>","protected":false},"excerpt":{"rendered":"<p>Evcil hayvan sahipleri, zaman zaman k\u00f6peklerinin ya\u015f\u0131n\u0131n ka\u00e7 insan ya\u015f\u0131na denk geldi\u011fini d\u00fc\u015f\u00fcn\u00fcr. K\u00f6peklerinin ya\u015f\u0131n\u0131 bilmek isterler, \u00e7\u00fcnk\u00fc k\u00f6peklerin ya\u015f\u0131n\u0131 bir insan e\u015fde\u011feriyle kar\u015f\u0131la\u015ft\u0131rarak, ya\u015fam s\u00fcreleri, enerji seviyeleri ve beklenebilecek sa\u011fl\u0131k sorunlar\u0131 hakk\u0131nda bir fikir edinebilirler. Bu, neyin normal oldu\u011fu ve hangi semptomlar\u0131n s\u0131rad\u0131\u015f\u0131 olabilece\u011fini anlamaya yard\u0131mc\u0131 olur. K\u00f6pek Ya\u015f\u0131 Belirlenirken Dikkate Al\u0131nmas\u0131 Gerekenler K\u00f6pe\u011finizin [&hellip;]<\/p>\n","protected":false},"author":3,"featured_media":813,"comment_status":"open","ping_status":"closed","sticky":false,"template":"","format":"standard","meta":{"_et_pb_use_builder":"off","_et_pb_old_content":"","_et_gb_content_width":"","footnotes":""},"categories":[17,1],"tags":[],"class_list":["post-802","post","type-post","status-publish","format-standard","has-post-thumbnail","hentry","category-evcil-dostlar","category-tum-yazilar"],"_links":{"self":[{"href":"https:\/\/www.kolayhesapla.net\/blog\/wp-json\/wp\/v2\/posts\/802","targetHints":{"allow":["GET"]}}],"collection":[{"href":"https:\/\/www.kolayhesapla.net\/blog\/wp-json\/wp\/v2\/posts"}],"about":[{"href":"https:\/\/www.kolayhesapla.net\/blog\/wp-json\/wp\/v2\/types\/post"}],"author":[{"embeddable":true,"href":"https:\/\/www.kolayhesapla.net\/blog\/wp-json\/wp\/v2\/users\/3"}],"replies":[{"embeddable":true,"href":"https:\/\/www.kolayhesapla.net\/blog\/wp-json\/wp\/v2\/comments?post=802"}],"version-history":[{"count":0,"href":"https:\/\/www.kolayhesapla.net\/blog\/wp-json\/wp\/v2\/posts\/802\/revisions"}],"wp:featuredmedia":[{"embeddable":true,"href":"https:\/\/www.kolayhesapla.net\/blog\/wp-json\/wp\/v2\/media\/813"}],"wp:attachment":[{"href":"https:\/\/www.kolayhesapla.net\/blog\/wp-json\/wp\/v2\/media?parent=802"}],"wp:term":[{"taxonomy":"category","embeddable":true,"href":"https:\/\/www.kolayhesapla.net\/blog\/wp-json\/wp\/v2\/categories?post=802"},{"taxonomy":"post_tag","embeddable":true,"href":"https:\/\/www.kolayhesapla.net\/blog\/wp-json\/wp\/v2\/tags?post=802"}],"curies":[{"name":"wp","href":"https:\/\/api.w.org\/{rel}","templated":true}]}}